{"id":101,"date":"2022-10-24T04:35:50","date_gmt":"2022-10-24T04:35:50","guid":{"rendered":"https:\/\/observatorioantiespecista.com\/?p=101"},"modified":"2022-10-24T04:39:55","modified_gmt":"2022-10-24T04:39:55","slug":"especismo-e-politica-uma-breve-analise-sobre-declaracoes-na-campanha-de-lula","status":"publish","type":"post","link":"https:\/\/observatorioantiespecista.com\/index.php\/2022\/10\/24\/especismo-e-politica-uma-breve-analise-sobre-declaracoes-na-campanha-de-lula\/","title":{"rendered":"Especismo e Pol\u00edtica &#8211; Uma breve an\u00e1lise sobre declara\u00e7\u00f5es na campanha de Lula*"},"content":{"rendered":"<p>&nbsp;<\/p>\n<p><em>*O presente texto foi escrito por um colaborador do <strong>Observat\u00f3rio Antiespecista<\/strong>. O site <strong>Observat\u00f3rio Antiespecista<\/strong> apoia integralmente as declara\u00e7\u00f5es aqui feitas e convida voc\u00ea a compartilhar esse apelo. Compartilhe com sua fam\u00edlia, em suas redes sociais, mande esse texto para seu deputado. Vamos fazer a diferen\u00e7a! Por uma sociedade sem especismo!<\/em><\/p>\n<p>&nbsp;<\/p>\n<p><img loading=\"lazy\" decoding=\"async\" class=\"wp-image-102 aligncenter\" src=\"https:\/\/observatorioantiespecista.com\/wp-content\/uploads\/2022\/10\/3f13a490-democracia-e-a-civilizacao-300x175.jpeg\" alt=\"\" width=\"310\" height=\"181\" srcset=\"https:\/\/observatorioantiespecista.com\/wp-content\/uploads\/2022\/10\/3f13a490-democracia-e-a-civilizacao-300x175.jpeg 300w, https:\/\/observatorioantiespecista.com\/wp-content\/uploads\/2022\/10\/3f13a490-democracia-e-a-civilizacao-768x448.jpeg 768w, https:\/\/observatorioantiespecista.com\/wp-content\/uploads\/2022\/10\/3f13a490-democracia-e-a-civilizacao.jpeg 1024w\" sizes=\"auto, (max-width: 310px) 100vw, 310px\" \/><\/p>\n<p>&nbsp;<\/p>\n<p><em>Ol\u00e1, caro brasileiro!<\/em><\/p>\n<p style=\"text-align: left;\"><em>Sou eleitor do Lula, de esquerda, estudante de filosofia e estou fazendo todo o poss\u00edvel (em meu pequeno c\u00edrculo social) para derrotarmos Bolsonaro e a direita.<\/em><\/p>\n<p><em>Todavia, gostaria de fazer uma cr\u00edtica que considero importante &#8211; na verdade crucial &#8211; sobre declara\u00e7\u00f5es insistentes e preocupantes feitas pelo candidato Lula &#8211; a quem admiro e reconhe\u00e7o sua boa \u00edndole quando o assunto \u00e9 o melhor para os brasileiros.<\/em><\/p>\n<p><em>O ser humano \u00e9 imperfeito por natureza. Muitas vezes podemos nos enganar -ainda mais quando o assunto a priori parece ser somente de cunho pessoal- mas quando bem analisado, \u00e9 conjectural sobre todos n\u00f3s.<\/em><\/p>\n<p><em>Lula falou repetidamente sobre seu gosto por churrasco. Muitas dessas declara\u00e7\u00f5es foram metaf\u00f3ricas, ou seja, Lula quis dizer que todos os brasileiros possam voltar n\u00e3o apenas a fazer tr\u00eas refei\u00e7\u00f5es ao dia, mas que possam se alimentar bem, voltando a desfrutar dos prazeres b\u00e1sicos da vida. N\u00e3o \u00e9 a isso que me refiro: gostaria de fazer uma cr\u00edtica construtiva sobre o insistente refor\u00e7o do churrasco e os &#8216;bois em confinamento&#8217; -um grande equ\u00edvoco conceitual, quando pensado coletivamente. <\/em><\/p>\n<p><em>Defensores do ambientalismo deveriam repudiar o confinamento de gado, j\u00e1 que tal pr\u00e1tica traz o pior resultado poss\u00edvel para o meio ambiente. O confinamento de animais j\u00e1 provou ser um completo desastre, pois gera uma quantidade gigantesca de res\u00edduos, metano e contamina\u00e7\u00e3o dos len\u00e7\u00f3is fre\u00e1ticos. Qualquer vis\u00e3o s\u00e9ria e estrat\u00e9gica jamais defenderia esse modelo de produ\u00e7\u00e3o. <\/em><\/p>\n<p><em>Muito se fala em produ\u00e7\u00e3o &#8220;sustent\u00e1vel&#8221; &#8211; e n\u00e3o h\u00e1 nada mais insustent\u00e1vel- economicamente, ambientalmente e eticamente &#8211; que a produ\u00e7\u00e3o que se utiliza dos animais enquanto meros recursos. A aliena\u00e7\u00e3o e reifica\u00e7\u00e3o com que tratamos n\u00e3o somente a n\u00f3s mesmos, mas sobretudo os animais, gera uma quantidade gigantesca de sofrimento. Os animais sofrem de maneira descomunal, sendo tratados como objetos que nada sentem; meros recursos que servem unicamente para satisfazer prop\u00f3sitos humanos.<\/em><\/p>\n<p><em>Para piorar o quadro, qual \u00e9 a reprodu\u00e7\u00e3o social que melhor exibe a vis\u00e3o conservadora da sociedade? A pecu\u00e1ria e o agroneg\u00f3cio. Nesse meio, a \u00fanica motiva\u00e7\u00e3o \u00e9 o capital, sendo que nada mais importa &#8211; tudo e todos s\u00e3o meros meios para acumula\u00e7\u00e3o e concentra\u00e7\u00e3o ainda maior do capital. <\/em><\/p>\n<p><em>\u00c9 essa \u201celite\u201d que Lula elogiou. Essas mesmas pessoas est\u00e3o depositando seu apoio quase que incondicional em Bolsonaro. Caso n\u00e3o seja impedido, Bolsonaro seguir\u00e1 destruindo tudo ao seu redor, devastando o pa\u00eds a fim de beneficiar seus apoiadores do agroneg\u00f3cio.<\/em><\/p>\n<p><em>No sentido inverso, qual luta pode realmente modificar essa mentalidade? O antiespecismo. Essa sim \u00e9 uma luta progressista, que desafia a reifica\u00e7\u00e3o de maneira en\u00e9rgica, trazendo para o debate n\u00e3o somente esse modelo de produ\u00e7\u00e3o absurdo, mas os valores que nos fazem cada vez menos solid\u00e1rios e mais indiferentes \u00e0 dor do outro -principalmente dos animais, a quem negamos at\u00e9 mesmo a capacidade de sentir em prol da manuten\u00e7\u00e3o de um sistema que transforma esses indiv\u00edduos em escravos.<\/em><\/p>\n<p><em>Poderia falar por dias a fio sobre os j\u00e1 comprovados benef\u00edcios de uma dieta vegana para a sa\u00fade. Poderia tamb\u00e9m discorrer sobre como uma sociedade majoritariamente vegana aliviaria de maneira significativa o SUS, j\u00e1 que uma melhor alimenta\u00e7\u00e3o implicaria em uma quantidade muito menor de ocorr\u00eancias envolvendo problemas cr\u00f4nicos de sa\u00fade &#8211; e at\u00e9 mesmo de certas doen\u00e7as. Poderia tamb\u00e9m evocar a quest\u00e3o econ\u00f4mica, j\u00e1 que uma alimenta\u00e7\u00e3o \u00e0 base de prote\u00ednas vegetais \u00e9 absurdamente mais barata -basicamente s\u00e3o gr\u00e3os- e exige uma quantidade muit\u00edssimo menor de recursos. <\/em><\/p>\n<p><em>Poderia tamb\u00e9m colocar na mesa a quest\u00e3o pol\u00edtica, pois todos sabemos como o capitalismo \u00e9 um sistema totalmente irracional, gerando absurdos como:<\/em><\/p>\n<p><em>&#8211; 1 kg de carne precisa de cerca de 15.400 LITROS de \u00e1gua para ser produzida;\u00a0 (1 kg de a\u00e7\u00facar: 1.782 litros de \u00e1gua; 1 kg de arroz:\u00a0 2.497 mil litros de \u00e1gua) <\/em><\/p>\n<p><em>&#8211; A Organiza\u00e7\u00e3o das Na\u00e7\u00f5es Unidas (ONU) emitiu um alerta sobre a pecu\u00e1ria ser o setor que mais polui as \u00e1guas do mundo de maneira irrevers\u00edvel;<\/em><\/p>\n<p><em>&#8211; Que a Amaz\u00f4nia est\u00e1 sendo devastada muita gente sabe, mas j\u00e1 te contaram que 91% do seu desmatamento \u00e9 causado pela pecu\u00e1ria, segundo dados do IBGE? (o debate n\u00e3o \u00e9 sobre PECU\u00c1RIA INTENSIVA X PECU\u00c1RIA \u201cVERDE\u201d) mas sobre a PECU\u00c1RIA EM SI.<\/em><\/p>\n<p><em>Mas a verdade \u00e9 que esses dados, embora sejam todos verdadeiros, importam apenas de forma marginal. O principal problema com as declara\u00e7\u00f5es do candidato Lula reside no fato de que tais falas refor\u00e7am a ideia de que animais s\u00e3o coisas que existem apenas para servir aos nossos interesses. Os animais n\u00e3o humanos s\u00e3o diariamente, constantemente vilipendiados. N\u00e3o \u00e9 que seu sofrimento \u00e9 negado; \u00e9 muito pior que isso: tal discurso nega aos animais n\u00e3o humanos o reconhecimento de que s\u00e3o capazes de sentir &#8211; sofrer e desfrutar. Ao retirar a capacidade de sentir, tudo que resta \u00e9 \u201calguma coisa\u201d, n\u00e3o \u201calgu\u00e9m\u201d. N\u00e3o precisamos nos preocupar com o bem estar de \u201calguma coisa\u201d. N\u00e3o precisamos ter considera\u00e7\u00e3o moral para com \u201calguma coisa\u201d. \u201cAlguma coisa\u201d pode ser usada e manipulada da maneira que quisermos, para atingir qualquer prop\u00f3sito, pois \u201calguma coisa\u201d n\u00e3o sente, n\u00e3o sofre, n\u00e3o \u00e9 um indiv\u00edduo. Negar o status de \u201calgu\u00e9m\u201d aos animais n\u00e3o humanos \u00e9 a maneira mais eficiente &#8211; e tamb\u00e9m a mais chula, a mais baixa- de manter o status quo \u00e0s custas do sofrimento deles. Transformar \u201calgu\u00e9m\u201d em \u201ccoisa\u201d significa disseminar a indiferen\u00e7a, transformando o absurdo, o abomin\u00e1vel, o grotesco em \u201cum mal necess\u00e1rio\u201d, \u201caceit\u00e1vel\u201d ou at\u00e9 mesmo \u201cem um bem\u201d.<\/em><\/p>\n<p><em>Poderia trazer muitos mais argumentos, estudos e informa\u00e7\u00f5es. Mas o objetivo aqui \u00e9 apenas que tal quest\u00e3o seja levada ao candidato Lula e seus assessores. N\u00e3o estou fazendo disso um debate PESSOAL ou MORAL -embora tamb\u00e9m o seja, j\u00e1 que estamos falando da desconsidera\u00e7\u00e3o moral, seja parcial ou total, de um n\u00famero esmagador de indiv\u00edduos sencientes. No presente momento, a maior urg\u00eancia \u00e9 demonstrar que as declara\u00e7\u00f5es proferidas por Lula ajudam na valida\u00e7\u00e3o de uma realidade horrenda, onde tudo que existe \u00e9 dor e sofrimento. Repensar tais declara\u00e7\u00f5es \u00e9 um passo n\u00e3o apenas importante, mas necess\u00e1rio para um BRASIL E UM MUNDO MELHOR. O antiespecismo \u00e9 apenas mais uma das causas da esquerda mas, infelizmente, com esse discurso, Lula est\u00e1 ajudando justamente aqueles que est\u00e3o do outro lado da luta. Um mundo constru\u00eddo \u00e0s custas do sofrimento dos animais n\u00e3o ser\u00e1 um mundo melhor. Pelo contr\u00e1rio: se naturalizarmos a no\u00e7\u00e3o de que certos indiv\u00edduos s\u00e3o melhores que outros, tudo que seremos capazes de produzir \u00e9 horror e sofrimento de uma maioria que sustenta as benesses de uma minoria. <\/em><\/p>\n<p><em>O especismo \u00e9 uma opress\u00e3o t\u00e3o disseminada e t\u00e3o fortemente naturalizada que dar o primeiro passo para combat\u00ea-lo \u00e9 t\u00e3o urgente quanto dif\u00edcil. Como a quest\u00e3o da explora\u00e7\u00e3o animal j\u00e1 est\u00e1 posta, podemos muito bem come\u00e7ar por ela -embora o especismo se estenda para muito al\u00e9m do horizonte da explora\u00e7\u00e3o animal. Poder\u00edamos pleitear investimentos em prote\u00ednas vegetais -hoje existem tecnologias capazes de reproduzir qualquer sabor: peixe, frango, carne, atum, etc. \u00a0<\/em><\/p>\n<p><em>\u00a0<\/em><\/p>\n<p><em>\u00a0<\/em><em>Fa\u00e7o um APELO, por favor pensem nisso.<\/em><\/p>\n<p><em>\u00a0<\/em><em>Abra\u00e7os e juntos pelo 13<\/em><\/p>\n<p><em>\u00a0<\/em><\/p>\n","protected":false},"excerpt":{"rendered":"<p>&nbsp; *O presente texto foi escrito por um colaborador do Observat\u00f3rio Antiespecista. O site Observat\u00f3rio Antiespecista apoia integralmente as declara\u00e7\u00f5es aqui feitas e convida voc\u00ea a compartilhar esse apelo. Compartilhe com sua fam\u00edlia, em suas redes sociais, mande esse texto para seu deputado. Vamos fazer a diferen\u00e7a! Por uma sociedade sem especismo! &nbsp; &nbsp; Ol\u00e1, &hellip; <a href=\"https:\/\/observatorioantiespecista.com\/index.php\/2022\/10\/24\/especismo-e-politica-uma-breve-analise-sobre-declaracoes-na-campanha-de-lula\/\" class=\"more-link\">Continue lendo <span class=\"screen-reader-text\">Especismo e Pol\u00edtica &#8211; Uma breve an\u00e1lise sobre declara\u00e7\u00f5es na campanha de Lula*<\/span><\/a><\/p>\n","protected":false},"author":1,"featured_media":0,"comment_status":"open","ping_status":"open","sticky":false,"template":"","format":"standard","meta":{"footnotes":""},"categories":[21],"tags":[24,28,12,31,30,33,32,25],"class_list":["post-101","post","type-post","status-publish","format-standard","hentry","category-especismo","tag-antiespecismo","tag-direitoanimal","tag-especismo","tag-exploracaoanimal","tag-fabiochaves","tag-forabolsonaro","tag-lula13","tag-veganismo"],"_links":{"self":[{"href":"https:\/\/observatorioantiespecista.com\/index.php\/wp-json\/wp\/v2\/posts\/101","targetHints":{"allow":["GET"]}}],"collection":[{"href":"https:\/\/observatorioantiespecista.com\/index.php\/wp-json\/wp\/v2\/posts"}],"about":[{"href":"https:\/\/observatorioantiespecista.com\/index.php\/wp-json\/wp\/v2\/types\/post"}],"author":[{"embeddable":true,"href":"https:\/\/observatorioantiespecista.com\/index.php\/wp-json\/wp\/v2\/users\/1"}],"replies":[{"embeddable":true,"href":"https:\/\/observatorioantiespecista.com\/index.php\/wp-json\/wp\/v2\/comments?post=101"}],"version-history":[{"count":6,"href":"https:\/\/observatorioantiespecista.com\/index.php\/wp-json\/wp\/v2\/posts\/101\/revisions"}],"predecessor-version":[{"id":108,"href":"https:\/\/observatorioantiespecista.com\/index.php\/wp-json\/wp\/v2\/posts\/101\/revisions\/108"}],"wp:attachment":[{"href":"https:\/\/observatorioantiespecista.com\/index.php\/wp-json\/wp\/v2\/media?parent=101"}],"wp:term":[{"taxonomy":"category","embeddable":true,"href":"https:\/\/observatorioantiespecista.com\/index.php\/wp-json\/wp\/v2\/categories?post=101"},{"taxonomy":"post_tag","embeddable":true,"href":"https:\/\/observatorioantiespecista.com\/index.php\/wp-json\/wp\/v2\/tags?post=101"}],"curies":[{"name":"wp","href":"https:\/\/api.w.org\/{rel}","templated":true}]}}