{"id":125,"date":"2022-11-08T03:23:58","date_gmt":"2022-11-08T03:23:58","guid":{"rendered":"https:\/\/observatorioantiespecista.com\/?p=125"},"modified":"2022-11-08T04:39:56","modified_gmt":"2022-11-08T04:39:56","slug":"consideracao-pelos-animais-vs-ambientalismo-qual-o-tamanho-da-divergencia","status":"publish","type":"post","link":"https:\/\/observatorioantiespecista.com\/index.php\/2022\/11\/08\/consideracao-pelos-animais-vs-ambientalismo-qual-o-tamanho-da-divergencia\/","title":{"rendered":"CONSIDERA\u00c7\u00c3O PELOS ANIMAIS VS AMBIENTALISMO: QUAL O TAMANHO DA DIVERG\u00caNCIA?"},"content":{"rendered":"<p style=\"text-align: center;\">Nos \u00faltimos anos, tem-se mostrado urgente debater temas ha\u0301 muito relegados ao segundo plano na Filosofia e no Direito, como a problem\u00e1tica envolvendo a utilizac\u0327a\u0303o dos animais pelo ser humano. Com debatedores e palestrantes nacionais e internacionais, a tema\u0301tica que envolve os animais na\u0303o humanos para essa proposta de evento n\u00e3o e\u0301 por acaso, mas decorre de uma se\u0301rie de acontecimentos, que resultam em transforma\u00e7\u00f5es sociais recentes nas relac\u0327o\u0303es interesp\u00e9cies.<\/p>\n<p><img loading=\"lazy\" decoding=\"async\" class=\"aligncenter wp-image-126\" src=\"https:\/\/observatorioantiespecista.com\/wp-content\/uploads\/2022\/11\/Copia-de-Sem-nome-300x169.png\" alt=\"\" width=\"486\" height=\"274\" srcset=\"https:\/\/observatorioantiespecista.com\/wp-content\/uploads\/2022\/11\/Copia-de-Sem-nome-300x169.png 300w, https:\/\/observatorioantiespecista.com\/wp-content\/uploads\/2022\/11\/Copia-de-Sem-nome-1024x577.png 1024w, https:\/\/observatorioantiespecista.com\/wp-content\/uploads\/2022\/11\/Copia-de-Sem-nome-768x433.png 768w, https:\/\/observatorioantiespecista.com\/wp-content\/uploads\/2022\/11\/Copia-de-Sem-nome-1536x865.png 1536w, https:\/\/observatorioantiespecista.com\/wp-content\/uploads\/2022\/11\/Copia-de-Sem-nome-1200x676.png 1200w, https:\/\/observatorioantiespecista.com\/wp-content\/uploads\/2022\/11\/Copia-de-Sem-nome.png 1640w\" sizes=\"auto, (max-width: 486px) 100vw, 486px\" \/><\/p>\n<p style=\"text-align: center;\">Esse painel ir\u00e1 discutir as diverg\u00eancias entre ambientalismo e \u00c9tica Animal. Existe uma s\u00e9rie de posi\u00e7\u00f5es ambientalistas que se op\u00f5em a conceder igual respeito a todos os seres sencientes. O racioc\u00ednio usado para justificar esses pontos de vista pode variar amplamente pois as perspectivas ambientalistas discordam sobre que componentes do mundo natural devem ser mais considerados moralmente e assim dignos de respeito. Alguns pontos de vista reivindicam que\u00a0<a href=\"https:\/\/www.animal-ethics.org\/senciencia-secao\/relevancia-senciencia-etica-animal-versus-etica-especista-e-ambiental\/devemos-dar-consideracao-moral-seres-sencientes-vez-ecossistemas\/\" target=\"_blank\" rel=\"noopener noreferrer\">ecossistemas, em vez de seres sencientes, devem ser respeitados<\/a>; outros reivindicam que\u00a0<a href=\"https:\/\/www.animal-ethics.org\/senciencia-secao\/relevancia-senciencia-etica-animal-versus-etica-especista-e-ambiental\/devemos-dar-consideracao-moral-individuos-vez-especies\/\" target=\"_blank\" rel=\"noopener noreferrer\">esp\u00e9cies, em vez de indiv\u00edduos, devem ser considerados<\/a>.<\/p>\n<p>&nbsp;<\/p>\n<p>Participe! O evento \u00e9 gratuito!<\/p>\n<p>Confira a programa\u00e7\u00e3o do evento aqui<\/p>\n<p><a href=\"https:\/\/eventos.asav.org.br\/event\/sieaa\/site\/content\/programacao\">https:\/\/eventos.asav.org.br\/event\/sieaa\/site\/content\/programacao<\/a><\/p>\n<p>&nbsp;<\/p>\n","protected":false},"excerpt":{"rendered":"<p>Nos \u00faltimos anos, tem-se mostrado urgente debater temas ha\u0301 muito relegados ao segundo plano na Filosofia e no Direito, como a problem\u00e1tica envolvendo a utilizac\u0327a\u0303o dos animais pelo ser humano. Com debatedores e palestrantes nacionais e internacionais, a tema\u0301tica que envolve os animais na\u0303o humanos para essa proposta de evento n\u00e3o e\u0301 por acaso, mas &hellip; <a href=\"https:\/\/observatorioantiespecista.com\/index.php\/2022\/11\/08\/consideracao-pelos-animais-vs-ambientalismo-qual-o-tamanho-da-divergencia\/\" class=\"more-link\">Continue lendo <span class=\"screen-reader-text\">CONSIDERA\u00c7\u00c3O PELOS ANIMAIS VS AMBIENTALISMO: QUAL O TAMANHO DA DIVERG\u00caNCIA?<\/span><\/a><\/p>\n","protected":false},"author":1,"featured_media":0,"comment_status":"open","ping_status":"open","sticky":false,"template":"","format":"standard","meta":{"footnotes":""},"categories":[23],"tags":[24,12,25],"class_list":["post-125","post","type-post","status-publish","format-standard","hentry","category-promocoes","tag-antiespecismo","tag-especismo","tag-veganismo"],"_links":{"self":[{"href":"https:\/\/observatorioantiespecista.com\/index.php\/wp-json\/wp\/v2\/posts\/125","targetHints":{"allow":["GET"]}}],"collection":[{"href":"https:\/\/observatorioantiespecista.com\/index.php\/wp-json\/wp\/v2\/posts"}],"about":[{"href":"https:\/\/observatorioantiespecista.com\/index.php\/wp-json\/wp\/v2\/types\/post"}],"author":[{"embeddable":true,"href":"https:\/\/observatorioantiespecista.com\/index.php\/wp-json\/wp\/v2\/users\/1"}],"replies":[{"embeddable":true,"href":"https:\/\/observatorioantiespecista.com\/index.php\/wp-json\/wp\/v2\/comments?post=125"}],"version-history":[{"count":1,"href":"https:\/\/observatorioantiespecista.com\/index.php\/wp-json\/wp\/v2\/posts\/125\/revisions"}],"predecessor-version":[{"id":127,"href":"https:\/\/observatorioantiespecista.com\/index.php\/wp-json\/wp\/v2\/posts\/125\/revisions\/127"}],"wp:attachment":[{"href":"https:\/\/observatorioantiespecista.com\/index.php\/wp-json\/wp\/v2\/media?parent=125"}],"wp:term":[{"taxonomy":"category","embeddable":true,"href":"https:\/\/observatorioantiespecista.com\/index.php\/wp-json\/wp\/v2\/categories?post=125"},{"taxonomy":"post_tag","embeddable":true,"href":"https:\/\/observatorioantiespecista.com\/index.php\/wp-json\/wp\/v2\/tags?post=125"}],"curies":[{"name":"wp","href":"https:\/\/api.w.org\/{rel}","templated":true}]}}