{"id":156,"date":"2023-05-06T03:36:54","date_gmt":"2023-05-06T03:36:54","guid":{"rendered":"https:\/\/observatorioantiespecista.com\/?p=156"},"modified":"2023-05-06T03:43:04","modified_gmt":"2023-05-06T03:43:04","slug":"o-caso-filo-e-mesmo-sobre-a-filo","status":"publish","type":"post","link":"https:\/\/observatorioantiespecista.com\/index.php\/2023\/05\/06\/o-caso-filo-e-mesmo-sobre-a-filo\/","title":{"rendered":"O caso Fil\u00f3 \u00e9 mesmo sobre a Fil\u00f3?"},"content":{"rendered":"<p><img loading=\"lazy\" decoding=\"async\" class=\"aligncenter wp-image-157\" src=\"https:\/\/observatorioantiespecista.com\/wp-content\/uploads\/2023\/05\/2-300x300.png\" alt=\"\" width=\"438\" height=\"438\" srcset=\"https:\/\/observatorioantiespecista.com\/wp-content\/uploads\/2023\/05\/2-300x300.png 300w, https:\/\/observatorioantiespecista.com\/wp-content\/uploads\/2023\/05\/2-1024x1024.png 1024w, https:\/\/observatorioantiespecista.com\/wp-content\/uploads\/2023\/05\/2-150x150.png 150w, https:\/\/observatorioantiespecista.com\/wp-content\/uploads\/2023\/05\/2-768x768.png 768w, https:\/\/observatorioantiespecista.com\/wp-content\/uploads\/2023\/05\/2.png 1080w\" sizes=\"auto, (max-width: 438px) 100vw, 438px\" \/><\/p>\n<p>Muitos acusam o tutor de Fil\u00f3 de explor\u00e1-la para ganhos econ\u00f4micos. A quest\u00e3o do tutor ser um influencer n\u00e3o diz nada sobre o estado da capivara. Ela est\u00e1 bem cuidada? Tem uma boa qualidade de vida? Suas necessidades b\u00e1sicas est\u00e3o sendo atendidas? Ao que parece, o tutor faz de tudo para que Fil\u00f3 tenha uma boa vida \u2013 muito melhor do que teria se estivesse na natureza. N\u00e3o lhe faltam comida, cuidados m\u00e9dicos e aten\u00e7\u00e3o emocional. Logo, o fato dele ser um influencer n\u00e3o diz nada sobre como Fil\u00f3 est\u00e1 sendo tratada. O que diz isso s\u00e3o as atitudes do tutor, que parece se preocupar genuinamente com Fil\u00f3 e lhe prover uma boa vida.<\/p>\n<p>Quanto ao fato do tutor de Fil\u00f3 estar dando \u201cum mau exemplo ao incentivar outras pessoas a adotar animais silvestres como pets\u201d, esse \u00e9 um salto l\u00f3gico que n\u00e3o se comprova na pr\u00e1tica. \u00c9 o mesmo tipo de salto que se d\u00e1 quando algumas pessoas afirmam que \u201ca internet causa viol\u00eancia\u201d. A viol\u00eancia j\u00e1 existia antes da TV, do r\u00e1dio e da internet. N\u00e3o h\u00e1 nada que comprove que esses meios criaram a viol\u00eancia. Elas s\u00e3o apenas mais uma plataforma para que o \u00f3dio e a viol\u00eancia se espalhe. O caso de Fil\u00f3 se apresenta da mesma forma: n\u00e3o existe rela\u00e7\u00e3o direta entre exposi\u00e7\u00e3o de animais nas redes sociais e a prefer\u00eancia das pessoas por esses animais. Sim, voc\u00ea pode comprovar uma correla\u00e7\u00e3o, mas \u00e9 importante ressaltar que essa correla\u00e7\u00e3o s\u00f3 aponta para fatores que s\u00e3o anteriores \u00e0s redes sociais: humanos sempre tiveram e sempre ter\u00e3o prefer\u00eancias por determinados animais. A capivara, por n\u00e3o temer contato com humanos, ser d\u00f3cil e ser constantemente avistada nas cidades sempre foi alvo da empatia humana. Essa prefer\u00eancia pr\u00e9-data a exposi\u00e7\u00e3o de animais nas redes sociais.<\/p>\n<p>&nbsp;<\/p>\n<p>Importante ressaltar que as redes tamb\u00e9m podem ser usadas no sentido inverso, desde a den\u00fancia de maus-tratos at\u00e9 a exposi\u00e7\u00e3o de como a vida dos animais na natureza \u00e9 cheia de dor e sofrimento.<\/p>\n<p>Quanto ao IBAMA estar cumprindo a lei, de fato, ele est\u00e1 cumprindo a lei. Mas \u00e9 importante ressaltar alguns aspectos:<\/p>\n<ul>\n<li>A lei n\u00e3o est\u00e1 gravada na pedra. Isso significa que ela est\u00e1 sujeita a interpreta\u00e7\u00e3o. A lei \u00e9 um guia de como agir. N\u00e3o devemos matar, entretanto a lei cobre situa\u00e7\u00f5es onde matar se configura um ato justificado. A lei est\u00e1 sujeita a interpreta\u00e7\u00e3o de acordo com o caso (por isso existem ju\u00edzes para atuas, e n\u00e3o um software que aplica a lei, literalmente);<\/li>\n<li>Nem tudo que \u00e9 legal \u00e9 \u00e9tico. Na Alemanha nazista, era perfeitamente legal a discrimina\u00e7\u00e3o contra os judeus. Isso n\u00e3o torna tal discrimina\u00e7\u00e3o \u00e9tica. A lei que o IBAMA segue \u00e9, em sua ess\u00eancia, especista, pois os animais n\u00e3o s\u00e3o indiv\u00edduos cujos interesses devem ser respeitados. Os animais s\u00e3o meras pe\u00e7as que cumprem uma fun\u00e7\u00e3o dentro do ecossistema. Se os humanos fossem tratados da mesma forma, seria permiss\u00edvel matar milh\u00f5es de humanos para que se fizesse \u2018controle populacional\u2019;<\/li>\n<li>Como seguidor de um arcabou\u00e7o jur\u00eddico especista, o IBAMA n\u00e3o leva em conta os interesses dos animais enquanto indiv\u00edduos. Na pr\u00e1tica, isso significa que este \u00f3rg\u00e3o pode tomar a\u00e7\u00f5es cru\u00e9is, tais como apreender gamb\u00e1s e ao inv\u00e9s de ajud\u00e1-los a retornar ao seu habitat, servir esses animais como \u2018presas vivas\u2019 para predadores como cobras, por exemplo. Essa \u00e9 uma \u2013das in\u00fameras- pr\u00e1ticas corriqueiras adotadas pelo IBAMA.<\/li>\n<\/ul>\n<p>Quanto \u00e0s dif\u00edceis condi\u00e7\u00f5es que os animais enfrentam diariamente na natureza, apenas uma mudan\u00e7a legislativa n\u00e3o far\u00e1 diferen\u00e7a significativa. Devemos divulgar valores antiespecistas para o maior n\u00famero poss\u00edvel de pessoas, para que a situa\u00e7\u00e3o dos animais na natureza seja mudada. Destacamos que quanto mais antiespecista for a sociedade, mais os interesses do seres sencientes ser\u00e3o considerados.<\/p>\n","protected":false},"excerpt":{"rendered":"<p>Muitos acusam o tutor de Fil\u00f3 de explor\u00e1-la para ganhos econ\u00f4micos. A quest\u00e3o do tutor ser um influencer n\u00e3o diz nada sobre o estado da capivara. Ela est\u00e1 bem cuidada? Tem uma boa qualidade de vida? Suas necessidades b\u00e1sicas est\u00e3o sendo atendidas? Ao que parece, o tutor faz de tudo para que Fil\u00f3 tenha uma &hellip; <a href=\"https:\/\/observatorioantiespecista.com\/index.php\/2023\/05\/06\/o-caso-filo-e-mesmo-sobre-a-filo\/\" class=\"more-link\">Continue lendo <span class=\"screen-reader-text\">O caso Fil\u00f3 \u00e9 mesmo sobre a Fil\u00f3?<\/span><\/a><\/p>\n","protected":false},"author":1,"featured_media":0,"comment_status":"open","ping_status":"open","sticky":false,"template":"","format":"standard","meta":{"footnotes":""},"categories":[21],"tags":[],"class_list":["post-156","post","type-post","status-publish","format-standard","hentry","category-especismo"],"_links":{"self":[{"href":"https:\/\/observatorioantiespecista.com\/index.php\/wp-json\/wp\/v2\/posts\/156","targetHints":{"allow":["GET"]}}],"collection":[{"href":"https:\/\/observatorioantiespecista.com\/index.php\/wp-json\/wp\/v2\/posts"}],"about":[{"href":"https:\/\/observatorioantiespecista.com\/index.php\/wp-json\/wp\/v2\/types\/post"}],"author":[{"embeddable":true,"href":"https:\/\/observatorioantiespecista.com\/index.php\/wp-json\/wp\/v2\/users\/1"}],"replies":[{"embeddable":true,"href":"https:\/\/observatorioantiespecista.com\/index.php\/wp-json\/wp\/v2\/comments?post=156"}],"version-history":[{"count":3,"href":"https:\/\/observatorioantiespecista.com\/index.php\/wp-json\/wp\/v2\/posts\/156\/revisions"}],"predecessor-version":[{"id":163,"href":"https:\/\/observatorioantiespecista.com\/index.php\/wp-json\/wp\/v2\/posts\/156\/revisions\/163"}],"wp:attachment":[{"href":"https:\/\/observatorioantiespecista.com\/index.php\/wp-json\/wp\/v2\/media?parent=156"}],"wp:term":[{"taxonomy":"category","embeddable":true,"href":"https:\/\/observatorioantiespecista.com\/index.php\/wp-json\/wp\/v2\/categories?post=156"},{"taxonomy":"post_tag","embeddable":true,"href":"https:\/\/observatorioantiespecista.com\/index.php\/wp-json\/wp\/v2\/tags?post=156"}],"curies":[{"name":"wp","href":"https:\/\/api.w.org\/{rel}","templated":true}]}}