{"id":177,"date":"2023-08-26T14:45:20","date_gmt":"2023-08-26T14:45:20","guid":{"rendered":"https:\/\/observatorioantiespecista.com\/?p=177"},"modified":"2023-08-26T14:47:49","modified_gmt":"2023-08-26T14:47:49","slug":"especismo","status":"publish","type":"post","link":"https:\/\/observatorioantiespecista.com\/index.php\/2023\/08\/26\/especismo\/","title":{"rendered":"Especismo"},"content":{"rendered":"<div style=\"text-align: center;\"><em><strong>26 de Agosto de 2023 \u00e9 o 9\u00ba Dia Mundial pelo Fim do Especismo. <\/strong><\/em><\/div>\n<div style=\"text-align: center;\"><em><strong>Mas voc\u00ea sabe o que \u00e9 especismo?<\/strong><\/em><\/div>\n<div style=\"text-align: center;\"><\/div>\n<div><img loading=\"lazy\" decoding=\"async\" class=\"aligncenter size-medium wp-image-178\" src=\"https:\/\/observatorioantiespecista.com\/wp-content\/uploads\/2023\/08\/democracia-dicionario-post-comemorativo-para-instagram-300x300.png\" alt=\"\" width=\"300\" height=\"300\" srcset=\"https:\/\/observatorioantiespecista.com\/wp-content\/uploads\/2023\/08\/democracia-dicionario-post-comemorativo-para-instagram-300x300.png 300w, https:\/\/observatorioantiespecista.com\/wp-content\/uploads\/2023\/08\/democracia-dicionario-post-comemorativo-para-instagram-1024x1024.png 1024w, https:\/\/observatorioantiespecista.com\/wp-content\/uploads\/2023\/08\/democracia-dicionario-post-comemorativo-para-instagram-150x150.png 150w, https:\/\/observatorioantiespecista.com\/wp-content\/uploads\/2023\/08\/democracia-dicionario-post-comemorativo-para-instagram-768x768.png 768w, https:\/\/observatorioantiespecista.com\/wp-content\/uploads\/2023\/08\/democracia-dicionario-post-comemorativo-para-instagram.png 1080w\" sizes=\"auto, (max-width: 300px) 100vw, 300px\" \/><\/div>\n<div><\/div>\n<div style=\"text-align: left;\">Especismo \u00e9 uma forma de discrimina\u00e7\u00e3o (isto \u00e9, um tratamento desfavor\u00e1vel que \u00e9 injusto) contra quem n\u00e3o pertence a determinada(s) esp\u00e9cie(s). \u00c9 um termo criado para se fazer uma analogia com outras formas de discrimina\u00e7\u00e3o, como o racismo e o sexismo. O especismo acontece toda vez que \u00e9 dado um peso distinto a n\u00edveis de preju\u00edzos e benef\u00edcios que s\u00e3o similares em membros de distintas esp\u00e9cies. Importante: as v\u00edtimas do especismo s\u00e3o os seres sencientes, e n\u00e3o as esp\u00e9cies.<\/div>\n<div style=\"text-align: left;\"><\/div>\n<div style=\"text-align: left;\"><\/div>\n<div style=\"text-align: left;\">A forma de especismo mais comum \u00e9 o especismo antropoc\u00eantrico, que consiste em desfavorecer quem n\u00e3o pertence \u00e0 esp\u00e9cie humana. Contudo, existem outras formas de especismo n\u00e3o antropoc\u00eantricas (como, por exemplo, dar uma considera\u00e7\u00e3o diferenciada aos interesses de animais n\u00e3o humanos dependendo de se nutrimos empatia ou n\u00e3o por tais animais, ou dependendo de se suas esp\u00e9cies est\u00e3o ou n\u00e3o em extin\u00e7\u00e3o).<\/div>\n<div style=\"text-align: left;\"><\/div>\n<div style=\"text-align: left;\"><\/div>\n<div style=\"text-align: left;\">Um dos exemplos mais vis\u00edveis de pr\u00e1tica especista \u00e9 a explora\u00e7\u00e3o animal. Contudo, as pr\u00e1ticas especistas n\u00e3o se resumem \u00e0 explora\u00e7\u00e3o animal. Por exemplo, h\u00e1 quem rejeite a explora\u00e7\u00e3o animal, mas defenda que n\u00e3o devemos ajudar os animais n\u00e3o humanos quando s\u00e3o v\u00edtimas de processos naturais (doen\u00e7as, fome, sede, parasitismo etc.) mas que \u00e9 correto ajudar se as v\u00edtimas forem humanas. Essa atitude \u00e9 especista porque d\u00e1 peso distinto aos interesses similares dos membros de distintas esp\u00e9cies.<\/div>\n<div style=\"text-align: left;\"><\/div>\n<div style=\"text-align: left;\"><\/div>\n<div style=\"text-align: left;\">\u00c9 importante tamb\u00e9m distinguir o especismo mesmo dos v\u00e1rios motivos que s\u00e3o endere\u00e7ados para se tentar justificar o especismo (isto \u00e9, as defesas do especismo). O especismo n\u00e3o acontece somente quando a raz\u00e3o alegada para se dar um peso menor aos interesses de membros de certa(s) esp\u00e9cie(s) \u00e9 o pr\u00f3prio pertencimento \u00e0(s) esp\u00e9cie(s) em quest\u00e3o (como acontece na defesa definicional do especismo antropoc\u00eantrico).<\/div>\n<div style=\"text-align: left;\"><\/div>\n<div style=\"text-align: left;\"><\/div>\n<div style=\"text-align: left;\">Outras\u00a0 formas de defesa muito comuns do especismo antropoc\u00eantrico s\u00e3o alegar, por exemplo, que os animais n\u00e3o humanos carecem de certas capacidades (como raz\u00e3o, linguagem, capacidade de reivindicar seus direitos etc) ou de certas rela\u00e7\u00f5es (como de solidariedade m\u00fatua, de poder sobre n\u00f3s, rela\u00e7\u00f5es pol\u00edticas etc.).<\/div>\n<div style=\"text-align: left;\"><\/div>\n<div style=\"text-align: left;\"><\/div>\n<div style=\"text-align: left;\">O especismo est\u00e1 arraigado em nosso cotidiano. Muitas vezes \u00e9 dif\u00edcil perceber que estamos sendo especistas. Respeitar os seres sencientes n\u00e3o \u00e9 uma quest\u00e3o de escolha ou prefer\u00eancia, mas em dever. Se fosse voc\u00ea quem fosse discriminado injustamente, voc\u00ea acharia aceit\u00e1vel?<\/div>\n<div><\/div>\n","protected":false},"excerpt":{"rendered":"<p>26 de Agosto de 2023 \u00e9 o 9\u00ba Dia Mundial pelo Fim do Especismo. Mas voc\u00ea sabe o que \u00e9 especismo? Especismo \u00e9 uma forma de discrimina\u00e7\u00e3o (isto \u00e9, um tratamento desfavor\u00e1vel que \u00e9 injusto) contra quem n\u00e3o pertence a determinada(s) esp\u00e9cie(s). \u00c9 um termo criado para se fazer uma analogia com outras formas de &hellip; <a href=\"https:\/\/observatorioantiespecista.com\/index.php\/2023\/08\/26\/especismo\/\" class=\"more-link\">Continue lendo <span class=\"screen-reader-text\">Especismo<\/span><\/a><\/p>\n","protected":false},"author":1,"featured_media":0,"comment_status":"open","ping_status":"open","sticky":false,"template":"","format":"standard","meta":{"footnotes":""},"categories":[21],"tags":[24,28,12,27,25],"class_list":["post-177","post","type-post","status-publish","format-standard","hentry","category-especismo","tag-antiespecismo","tag-direitoanimal","tag-especismo","tag-eticaanimal","tag-veganismo"],"_links":{"self":[{"href":"https:\/\/observatorioantiespecista.com\/index.php\/wp-json\/wp\/v2\/posts\/177","targetHints":{"allow":["GET"]}}],"collection":[{"href":"https:\/\/observatorioantiespecista.com\/index.php\/wp-json\/wp\/v2\/posts"}],"about":[{"href":"https:\/\/observatorioantiespecista.com\/index.php\/wp-json\/wp\/v2\/types\/post"}],"author":[{"embeddable":true,"href":"https:\/\/observatorioantiespecista.com\/index.php\/wp-json\/wp\/v2\/users\/1"}],"replies":[{"embeddable":true,"href":"https:\/\/observatorioantiespecista.com\/index.php\/wp-json\/wp\/v2\/comments?post=177"}],"version-history":[{"count":3,"href":"https:\/\/observatorioantiespecista.com\/index.php\/wp-json\/wp\/v2\/posts\/177\/revisions"}],"predecessor-version":[{"id":181,"href":"https:\/\/observatorioantiespecista.com\/index.php\/wp-json\/wp\/v2\/posts\/177\/revisions\/181"}],"wp:attachment":[{"href":"https:\/\/observatorioantiespecista.com\/index.php\/wp-json\/wp\/v2\/media?parent=177"}],"wp:term":[{"taxonomy":"category","embeddable":true,"href":"https:\/\/observatorioantiespecista.com\/index.php\/wp-json\/wp\/v2\/categories?post=177"},{"taxonomy":"post_tag","embeddable":true,"href":"https:\/\/observatorioantiespecista.com\/index.php\/wp-json\/wp\/v2\/tags?post=177"}],"curies":[{"name":"wp","href":"https:\/\/api.w.org\/{rel}","templated":true}]}}