{"id":31,"date":"2022-06-09T03:26:30","date_gmt":"2022-06-09T03:26:30","guid":{"rendered":"https:\/\/observatorioantiespecista.com\/?p=31"},"modified":"2022-06-09T03:32:00","modified_gmt":"2022-06-09T03:32:00","slug":"veganismo-antiespecismo-qual-a-diferenca","status":"publish","type":"post","link":"https:\/\/observatorioantiespecista.com\/index.php\/2022\/06\/09\/veganismo-antiespecismo-qual-a-diferenca\/","title":{"rendered":"Veganismo  &#038; Antiespecismo: Qual a diferen\u00e7a?"},"content":{"rendered":"<p><strong><span class=\"JsGRdQ\">Por que ser vegano \u00e9 uma condi\u00e7\u00e3o necess\u00e1ria -mas n\u00e3o suficiente- para ser antiespecista?<\/span><\/strong><\/p>\n<p class=\"_04xlpA direction-ltr align-start para-style-subtitle\"><em><span class=\"JsGRdQ\">Por Observat\u00f3rio Antiespecista<\/span><\/em><\/p>\n<p class=\"_04xlpA direction-ltr align-start para-style-subtitle\"><em><span class=\"JsGRdQ\">30 de janeiro de 2022<\/span><\/em><\/p>\n<p><em><span class=\"JsGRdQ\">Atualizado em 8 de junho de 2022<\/span><\/em><\/p>\n<p>&nbsp;<\/p>\n<p><span class=\"JsGRdQ\">Podemos afirmar sem receios que todo movimento antiespecista engloba o veganismo, mas o contr\u00e1rio n\u00e3o decorre necessariamente: nem todo movimento ou pessoa vegana \u00e9 necessariamente antiespecista. <\/span><\/p>\n<p><span class=\"JsGRdQ\">\u00c9 perfeitamente poss\u00edvel ser vegano e, ao mesmo tempo, apoiar algum tipo de explora\u00e7\u00e3o animal. Existem veganos que defendem a experimenta\u00e7\u00e3o animal; outros defendem a tortura e o sacrif\u00edcio de animais em rituais religiosos e<\/span> <span class=\"JsGRdQ\">existem at\u00e9 mesmo veganos que s\u00e3o contra a ajudar os animais selvagens na natureza. <\/span><\/p>\n<p><span class=\"JsGRdQ\">\u00c9 importante que os conceitos de veganismo e especismo estejam bem cristalizados para que a discrimina\u00e7\u00e3o sofrida diariamente pelos animais n\u00e3o apenas piore, mas se torne socialmente justificada e institucionalizada.<img loading=\"lazy\" decoding=\"async\" class=\"size-medium wp-image-32 aligncenter\" src=\"https:\/\/observatorioantiespecista.com\/wp-content\/uploads\/2022\/06\/Ativismo-210x300.png\" alt=\"\" width=\"210\" height=\"300\" srcset=\"https:\/\/observatorioantiespecista.com\/wp-content\/uploads\/2022\/06\/Ativismo-210x300.png 210w, https:\/\/observatorioantiespecista.com\/wp-content\/uploads\/2022\/06\/Ativismo-716x1024.png 716w, https:\/\/observatorioantiespecista.com\/wp-content\/uploads\/2022\/06\/Ativismo-768x1099.png 768w, https:\/\/observatorioantiespecista.com\/wp-content\/uploads\/2022\/06\/Ativismo-1073x1536.png 1073w, https:\/\/observatorioantiespecista.com\/wp-content\/uploads\/2022\/06\/Ativismo-1431x2048.png 1431w, https:\/\/observatorioantiespecista.com\/wp-content\/uploads\/2022\/06\/Ativismo.png 1566w\" sizes=\"auto, (max-width: 210px) 100vw, 210px\" \/><\/span><\/p>\n","protected":false},"excerpt":{"rendered":"<p>Por que ser vegano \u00e9 uma condi\u00e7\u00e3o necess\u00e1ria -mas n\u00e3o suficiente- para ser antiespecista? Por Observat\u00f3rio Antiespecista 30 de janeiro de 2022 Atualizado em 8 de junho de 2022 &nbsp; Podemos afirmar sem receios que todo movimento antiespecista engloba o veganismo, mas o contr\u00e1rio n\u00e3o decorre necessariamente: nem todo movimento ou pessoa vegana \u00e9 necessariamente &hellip; <a href=\"https:\/\/observatorioantiespecista.com\/index.php\/2022\/06\/09\/veganismo-antiespecismo-qual-a-diferenca\/\" class=\"more-link\">Continue lendo <span class=\"screen-reader-text\">Veganismo  &#038; Antiespecismo: Qual a diferen\u00e7a?<\/span><\/a><\/p>\n","protected":false},"author":1,"featured_media":0,"comment_status":"open","ping_status":"open","sticky":false,"template":"","format":"standard","meta":{"footnotes":""},"categories":[21],"tags":[9,8,6,10,11,16,20,18,17,19,12,13,7,14,15],"class_list":["post-31","post","type-post","status-publish","format-standard","hentry","category-especismo","tag-abolicao-animal","tag-abolicionismo-animal","tag-animal-ethics","tag-bem-estar-animal","tag-biologia-do-bem-estar","tag-consciencia-animal-direitos-dos-animais","tag-direito-ambiental","tag-direito-animal","tag-direitos-animais","tag-direitos-animais-e-veganismo","tag-especismo","tag-especista","tag-etica-animal","tag-senciencia","tag-senciencia-animal"],"_links":{"self":[{"href":"https:\/\/observatorioantiespecista.com\/index.php\/wp-json\/wp\/v2\/posts\/31","targetHints":{"allow":["GET"]}}],"collection":[{"href":"https:\/\/observatorioantiespecista.com\/index.php\/wp-json\/wp\/v2\/posts"}],"about":[{"href":"https:\/\/observatorioantiespecista.com\/index.php\/wp-json\/wp\/v2\/types\/post"}],"author":[{"embeddable":true,"href":"https:\/\/observatorioantiespecista.com\/index.php\/wp-json\/wp\/v2\/users\/1"}],"replies":[{"embeddable":true,"href":"https:\/\/observatorioantiespecista.com\/index.php\/wp-json\/wp\/v2\/comments?post=31"}],"version-history":[{"count":3,"href":"https:\/\/observatorioantiespecista.com\/index.php\/wp-json\/wp\/v2\/posts\/31\/revisions"}],"predecessor-version":[{"id":35,"href":"https:\/\/observatorioantiespecista.com\/index.php\/wp-json\/wp\/v2\/posts\/31\/revisions\/35"}],"wp:attachment":[{"href":"https:\/\/observatorioantiespecista.com\/index.php\/wp-json\/wp\/v2\/media?parent=31"}],"wp:term":[{"taxonomy":"category","embeddable":true,"href":"https:\/\/observatorioantiespecista.com\/index.php\/wp-json\/wp\/v2\/categories?post=31"},{"taxonomy":"post_tag","embeddable":true,"href":"https:\/\/observatorioantiespecista.com\/index.php\/wp-json\/wp\/v2\/tags?post=31"}],"curies":[{"name":"wp","href":"https:\/\/api.w.org\/{rel}","templated":true}]}}