{"id":67,"date":"2022-09-29T21:42:43","date_gmt":"2022-09-29T21:42:43","guid":{"rendered":"https:\/\/observatorioantiespecista.com\/?p=67"},"modified":"2022-09-29T21:42:43","modified_gmt":"2022-09-29T21:42:43","slug":"a-analogia-entre-holocausto-racismo-e-especismo-esta-correta","status":"publish","type":"post","link":"https:\/\/observatorioantiespecista.com\/index.php\/2022\/09\/29\/a-analogia-entre-holocausto-racismo-e-especismo-esta-correta\/","title":{"rendered":"A analogia entre holocausto, racismo e especismo est\u00e1 correta?"},"content":{"rendered":"<p><iframe loading=\"lazy\" style=\"border: none; overflow: hidden;\" src=\"https:\/\/www.facebook.com\/plugins\/video.php?height=314&amp;href=https%3A%2F%2Fwww.facebook.com%2Fobantiespecista%2Fvideos%2F824387318567828%2F&amp;show_text=false&amp;width=560&amp;t=0\" width=\"560\" height=\"314\" frameborder=\"0\" scrolling=\"no\" allowfullscreen=\"allowfullscreen\"><\/iframe><\/p>\n<div dir=\"auto\">Por vezes \u00e9 dito que o especismo n\u00e3o deveria ser comparado ao racismo, pois h\u00e1 humanos que se sentem ofendidos com tal compara\u00e7\u00e3o.<\/div>\n<div dir=\"auto\">Entretanto, uma coisa \u00f3bvia que por vezes passa despercebida: o fato de algu\u00e9m se sentir ofendido com certa afirma\u00e7\u00e3o n\u00e3o mostra que possui justificativa para se sentir ofendido. Muito menos mostra que os casos comparados em quest\u00e3o n\u00e3o s\u00e3o realmente an\u00e1logos. E \u00e9 justamente isso o que esse tipo de posi\u00e7\u00e3o visa impedir: ao se afirmar que uma afirma\u00e7\u00e3o n\u00e3o deve ser dita s\u00f3 porque h\u00e1 quem se ofenda com ela, o que se faz \u00e9 tentar impedir o debate sobre se a afirma\u00e7\u00e3o \u00e9 plaus\u00edvel ou n\u00e3o (talvez porque n\u00e3o possuam bons argumentos para defender sua posi\u00e7\u00e3o).<\/div>\n<div dir=\"auto\">Se o mero fato de algu\u00e9m se sentir ofendido com certa afirma\u00e7\u00e3o fosse suficiente para tornar errado faz\u00ea-la, ent\u00e3o quase nenhuma compara\u00e7\u00e3o ou cr\u00edtica poderia ser feita, pois quase sempre h\u00e1 quem se sinta ofendido. O fato de algu\u00e9m se sentir ofendido n\u00e3o implica automaticamente que tenha justificativa para se sentir ofendido. Os racistas e sexistas tamb\u00e9m se sentem ofendidos com a defesa de que humanos deveriam receber igual considera\u00e7\u00e3o independentemente de ra\u00e7a e g\u00eanero. Mas, isso n\u00e3o implica que, ent\u00e3o, a igualdade racial ou de g\u00eanero esteja errada.<\/div>\n<div dir=\"auto\">Por vezes \u00e9 dito que defender a igualdade para os animais n\u00e3o humanos \u00e9 errado porque quem se sente ofendido por vezes pertence a grupos humanos discriminados. Mas, novamente, isso n\u00e3o seria aceito se humanos fossem as v\u00edtimas. Imaginemos que um homem se sinta ofendido com a reivindica\u00e7\u00e3o de que as mulheres deveriam receber igual considera\u00e7\u00e3o, e que esse homem n\u00e3o s\u00f3 perten\u00e7a a um grupo discriminado, como ele pr\u00f3prio sofreu discrimina\u00e7\u00e3o a vida inteira. Isso n\u00e3o torna errado reivindicar que mulheres devam receber igual considera\u00e7\u00e3o.<\/div>\n<div dir=\"auto\">Se as pessoas pensam diferente no caso da defesa da igual considera\u00e7\u00e3o para animais n\u00e3o humanos, isso \u00e9 simplesmente um caso de especismo, onde um interesse menor de humanos (n\u00e3o ouvir certa compara\u00e7\u00e3o &#8211; compara\u00e7\u00e3o que, ali\u00e1s, pode estar muito correta) recebe maior peso do que o sofrimento e as vidas dos animais n\u00e3o humanos.<\/div>\n<p>&nbsp;<\/p>\n<p>&nbsp;<\/p>\n<p>&nbsp;<\/p>\n","protected":false},"excerpt":{"rendered":"<p>Por vezes \u00e9 dito que o especismo n\u00e3o deveria ser comparado ao racismo, pois h\u00e1 humanos que se sentem ofendidos com tal compara\u00e7\u00e3o. Entretanto, uma coisa \u00f3bvia que por vezes passa despercebida: o fato de algu\u00e9m se sentir ofendido com certa afirma\u00e7\u00e3o n\u00e3o mostra que possui justificativa para se sentir ofendido. Muito menos mostra que &hellip; <a href=\"https:\/\/observatorioantiespecista.com\/index.php\/2022\/09\/29\/a-analogia-entre-holocausto-racismo-e-especismo-esta-correta\/\" class=\"more-link\">Continue lendo <span class=\"screen-reader-text\">A analogia entre holocausto, racismo e especismo est\u00e1 correta?<\/span><\/a><\/p>\n","protected":false},"author":1,"featured_media":0,"comment_status":"open","ping_status":"open","sticky":false,"template":"","format":"standard","meta":{"footnotes":""},"categories":[21],"tags":[],"class_list":["post-67","post","type-post","status-publish","format-standard","hentry","category-especismo"],"_links":{"self":[{"href":"https:\/\/observatorioantiespecista.com\/index.php\/wp-json\/wp\/v2\/posts\/67","targetHints":{"allow":["GET"]}}],"collection":[{"href":"https:\/\/observatorioantiespecista.com\/index.php\/wp-json\/wp\/v2\/posts"}],"about":[{"href":"https:\/\/observatorioantiespecista.com\/index.php\/wp-json\/wp\/v2\/types\/post"}],"author":[{"embeddable":true,"href":"https:\/\/observatorioantiespecista.com\/index.php\/wp-json\/wp\/v2\/users\/1"}],"replies":[{"embeddable":true,"href":"https:\/\/observatorioantiespecista.com\/index.php\/wp-json\/wp\/v2\/comments?post=67"}],"version-history":[{"count":1,"href":"https:\/\/observatorioantiespecista.com\/index.php\/wp-json\/wp\/v2\/posts\/67\/revisions"}],"predecessor-version":[{"id":68,"href":"https:\/\/observatorioantiespecista.com\/index.php\/wp-json\/wp\/v2\/posts\/67\/revisions\/68"}],"wp:attachment":[{"href":"https:\/\/observatorioantiespecista.com\/index.php\/wp-json\/wp\/v2\/media?parent=67"}],"wp:term":[{"taxonomy":"category","embeddable":true,"href":"https:\/\/observatorioantiespecista.com\/index.php\/wp-json\/wp\/v2\/categories?post=67"},{"taxonomy":"post_tag","embeddable":true,"href":"https:\/\/observatorioantiespecista.com\/index.php\/wp-json\/wp\/v2\/tags?post=67"}],"curies":[{"name":"wp","href":"https:\/\/api.w.org\/{rel}","templated":true}]}}