{"id":86,"date":"2022-10-06T03:56:25","date_gmt":"2022-10-06T03:56:25","guid":{"rendered":"https:\/\/observatorioantiespecista.com\/?p=86"},"modified":"2022-10-06T03:56:25","modified_gmt":"2022-10-06T03:56:25","slug":"ambientalismo-nao-e-a-mesmo-que-defender-os-animais","status":"publish","type":"post","link":"https:\/\/observatorioantiespecista.com\/index.php\/2022\/10\/06\/ambientalismo-nao-e-a-mesmo-que-defender-os-animais\/","title":{"rendered":"Ambientalismo n\u00e3o \u00e9 a mesmo que defender os animais"},"content":{"rendered":"<p><img loading=\"lazy\" decoding=\"async\" class=\"aligncenter  wp-image-85\" src=\"https:\/\/observatorioantiespecista.com\/wp-content\/uploads\/2022\/10\/Observatorio-1-300x240.png\" alt=\"\" width=\"354\" height=\"283\" srcset=\"https:\/\/observatorioantiespecista.com\/wp-content\/uploads\/2022\/10\/Observatorio-1-300x240.png 300w, https:\/\/observatorioantiespecista.com\/wp-content\/uploads\/2022\/10\/Observatorio-1-1024x819.png 1024w, https:\/\/observatorioantiespecista.com\/wp-content\/uploads\/2022\/10\/Observatorio-1-768x614.png 768w, https:\/\/observatorioantiespecista.com\/wp-content\/uploads\/2022\/10\/Observatorio-1-1536x1229.png 1536w, https:\/\/observatorioantiespecista.com\/wp-content\/uploads\/2022\/10\/Observatorio-1-1200x960.png 1200w, https:\/\/observatorioantiespecista.com\/wp-content\/uploads\/2022\/10\/Observatorio-1-1980x1584.png 1980w, https:\/\/observatorioantiespecista.com\/wp-content\/uploads\/2022\/10\/Observatorio-1.png 2000w\" sizes=\"auto, (max-width: 354px) 100vw, 354px\" \/><\/p>\n<div class=\"xdj266r x11i5rnm xat24cr x1mh8g0r x1vvkbs x126k92a\">\n<div dir=\"auto\">A considera\u00e7\u00e3o pelos animais e o ambientalismo frequentemente s\u00e3o confundidos. N\u00e3o \u00e9 incomum que muitas pessoas, incluindo defensores dos animais, apoiem o ambientalismo por acreditarem equivocadamente que este tem como meta beneficiar os animais.<\/div>\n<\/div>\n<div class=\"x11i5rnm xat24cr x1mh8g0r x1vvkbs xtlvy1s x126k92a\">\n<div dir=\"auto\">Entretanto, o que essas pessoas n\u00e3o sabem \u00e9 que esses dois tipos de vis\u00e3o partem de fundamentos opostos. A defesa dos animais \u00e9 centrada na considera\u00e7\u00e3o pelos indiv\u00edduos sencientes, isto \u00e9, pelos seres capazes de sofrer e desfrutar. J\u00e1 o ambientalismo defende que certas entidades n\u00e3o sencientes s\u00e3o dignas de considera\u00e7\u00e3o moral direta (e n\u00e3o, enquanto recurso para os seres sencientes). Como est\u00e1 claro, muito frequentemente, essas metas conflitam na pr\u00e1tica.<\/div>\n<\/div>\n<div class=\"x11i5rnm xat24cr x1mh8g0r x1vvkbs xtlvy1s x126k92a\">\n<div dir=\"auto\">O trabalho mais minucioso e completo que conhe\u00e7o sobre a oposi\u00e7\u00e3o entre considera\u00e7\u00e3o pelos animais e ambientalismo \u00e9 &#8220;El conflicto entre la \u00e9tica animal y la \u00e9tica ambiental: bibliograf\u00eda anal\u00edtica&#8221;, de <a class=\"x1i10hfl xjbqb8w x6umtig x1b1mbwd xaqea5y xav7gou x9f619 x1ypdohk xt0psk2 xe8uvvx xdj266r x11i5rnm xat24cr x1mh8g0r xexx8yu x4uap5 x18d9i69 xkhd6sd x16tdsg8 x1hl2dhg xggy1nq x1a2a7pz xt0b8zv x1qq9wsj xo1l8bm\" tabindex=\"0\" role=\"link\" href=\"https:\/\/www.facebook.com\/abogadodeanimales?__cft__[0]=AZXQjxCoXSn9NSShSf4vpFadbT5RyROS26c1mt_raIhNrkJLWO_0hOldpueNMPRGix9HdTZR7F1OPvnwLXOid4Ec0FxQYlHsI7swXHJeNt4h5UIndILrcTf0cDQ1oqbAtmGTKRjh9DQRZFG_hn0-xu0n&amp;__tn__=-]K-R\"><span class=\"xt0psk2\">Daniel Dorado<\/span><\/a>. O autor analisou 347 artigos que tratam do tema, de ambos os lados. Vale muito a pena ler. Felizmente, o trabalho est\u00e1 dispon\u00edvel online e pode ser lido no link a seguir:<\/div>\n<div dir=\"auto\">https:\/\/e-archivo.uc3m.es\/bitstream\/handle\/10016\/21496\/conflicto_dorado_tesis_2015.pdf?fbclid=IwAR3mTwAROAmyNoPtJH4Zpl53GMfPWed5EYuzNjmlqSRGFT8UUEejHsjdbII<\/div>\n<div dir=\"auto\"><\/div>\n<\/div>\n","protected":false},"excerpt":{"rendered":"<p>A considera\u00e7\u00e3o pelos animais e o ambientalismo frequentemente s\u00e3o confundidos. N\u00e3o \u00e9 incomum que muitas pessoas, incluindo defensores dos animais, apoiem o ambientalismo por acreditarem equivocadamente que este tem como meta beneficiar os animais. Entretanto, o que essas pessoas n\u00e3o sabem \u00e9 que esses dois tipos de vis\u00e3o partem de fundamentos opostos. A defesa dos &hellip; <a href=\"https:\/\/observatorioantiespecista.com\/index.php\/2022\/10\/06\/ambientalismo-nao-e-a-mesmo-que-defender-os-animais\/\" class=\"more-link\">Continue lendo <span class=\"screen-reader-text\">Ambientalismo n\u00e3o \u00e9 a mesmo que defender os animais<\/span><\/a><\/p>\n","protected":false},"author":1,"featured_media":0,"comment_status":"open","ping_status":"open","sticky":false,"template":"","format":"standard","meta":{"footnotes":""},"categories":[1],"tags":[],"class_list":["post-86","post","type-post","status-publish","format-standard","hentry","category-uncategorized"],"_links":{"self":[{"href":"https:\/\/observatorioantiespecista.com\/index.php\/wp-json\/wp\/v2\/posts\/86","targetHints":{"allow":["GET"]}}],"collection":[{"href":"https:\/\/observatorioantiespecista.com\/index.php\/wp-json\/wp\/v2\/posts"}],"about":[{"href":"https:\/\/observatorioantiespecista.com\/index.php\/wp-json\/wp\/v2\/types\/post"}],"author":[{"embeddable":true,"href":"https:\/\/observatorioantiespecista.com\/index.php\/wp-json\/wp\/v2\/users\/1"}],"replies":[{"embeddable":true,"href":"https:\/\/observatorioantiespecista.com\/index.php\/wp-json\/wp\/v2\/comments?post=86"}],"version-history":[{"count":1,"href":"https:\/\/observatorioantiespecista.com\/index.php\/wp-json\/wp\/v2\/posts\/86\/revisions"}],"predecessor-version":[{"id":87,"href":"https:\/\/observatorioantiespecista.com\/index.php\/wp-json\/wp\/v2\/posts\/86\/revisions\/87"}],"wp:attachment":[{"href":"https:\/\/observatorioantiespecista.com\/index.php\/wp-json\/wp\/v2\/media?parent=86"}],"wp:term":[{"taxonomy":"category","embeddable":true,"href":"https:\/\/observatorioantiespecista.com\/index.php\/wp-json\/wp\/v2\/categories?post=86"},{"taxonomy":"post_tag","embeddable":true,"href":"https:\/\/observatorioantiespecista.com\/index.php\/wp-json\/wp\/v2\/tags?post=86"}],"curies":[{"name":"wp","href":"https:\/\/api.w.org\/{rel}","templated":true}]}}