{"id":97,"date":"2022-10-11T01:53:25","date_gmt":"2022-10-11T01:53:25","guid":{"rendered":"https:\/\/observatorioantiespecista.com\/?p=97"},"modified":"2022-10-11T01:53:25","modified_gmt":"2022-10-11T01:53:25","slug":"insetos-sao-sencientes","status":"publish","type":"post","link":"https:\/\/observatorioantiespecista.com\/index.php\/2022\/10\/11\/insetos-sao-sencientes\/","title":{"rendered":"Insetos s\u00e3o sencientes"},"content":{"rendered":"<div style=\"width: 656px;\" class=\"wp-video\"><video class=\"wp-video-shortcode\" id=\"video-97-1\" width=\"656\" height=\"656\" preload=\"metadata\" controls=\"controls\"><source type=\"video\/mp4\" src=\"https:\/\/observatorioantiespecista.com\/wp-content\/uploads\/2022\/10\/OBSERVATORIO.mp4?_=1\" \/><a href=\"https:\/\/observatorioantiespecista.com\/wp-content\/uploads\/2022\/10\/OBSERVATORIO.mp4\">https:\/\/observatorioantiespecista.com\/wp-content\/uploads\/2022\/10\/OBSERVATORIO.mp4<\/a><\/video><\/div>\n<p>&nbsp;<\/p>\n<p>Os insetos est\u00e3o entre os grupos mais abundantes de animais terrestres. Devido a isso, qualquer vis\u00e3o preocupada com a considera\u00e7\u00e3o moral dos seres sencientes, especialmente dos que se encontram na natureza, precisa prestar muita aten\u00e7\u00e3o \u00e0 situa\u00e7\u00e3o desses animais. A senci\u00eancia dos insetos \u00e9 objeto de investiga\u00e7\u00e3o cient\u00edfica em andamento, e h\u00e1 algumas evid\u00eancias importantes de que eles s\u00e3o sencientes, porque possuem habilidades sensoriais e sistemas nervosos altamente desenvolvidos. Em geral, os insetos vivem vidas complexas e ativas para as quais a senci\u00eancia pode ser adaptativa. Alguns insetos tamb\u00e9m mostram um comportamento complexo, como a dan\u00e7a-linguagem das abelhas. Isso sugere que seus c\u00e9rebros tamb\u00e9m podem dar suporte \u00e0 senci\u00eancia. Se, como essas evid\u00eancias indicam, eles s\u00e3o sencientes, e, dada a relev\u00e2ncia da senci\u00eancia, seus n\u00fameros absolutos os tornam muito importantes em nossas decis\u00f5es sobre como melhorar a situa\u00e7\u00e3o dos animais.<\/p>\n<p>Compreender os fatores atuais e correlatos da abund\u00e2ncia de insetos pode ser \u00fatil na compara\u00e7\u00e3o de diferentes situa\u00e7\u00f5es em rela\u00e7\u00e3o \u00e0 quantidade total de sofrimento dos insetos presente (ou poss\u00edvel) nelas. Consequentemente, tamb\u00e9m pode ser \u00fatil para prever ou medir as consequ\u00eancias de a\u00e7\u00f5es que poder\u00edamos tomar que poderiam ser ben\u00e9ficas ou prejudiciais para eles.<\/p>\n<p>O estudo de popula\u00e7\u00f5es de insetos tamb\u00e9m pode ser relevante para o estudo do bem-estar de outros animais em diferentes ecossistemas, porque as popula\u00e7\u00f5es de insetos podem afetar significativamente as outras popula\u00e7\u00f5es de animais que vivem no mesmo ecossistema. Mas, a principal maneira pela qual os insetos podem contribuir negativa ou positivamente para os n\u00edveis gerais de bem-estar em um ecossistema \u00e9 bastante direta: atrav\u00e9s de seus pr\u00f3prios n\u00edveis de sofrimento ou bem-estar positivo.<\/p>\n<p>O s\u00e9culo 20 viu o surgimento de novas formas de criar e matar um n\u00famero gigantesco de vertebrados com o desenvolvimento das fazendas industriais (primeiro, para animais terrestres, como aves e mam\u00edferos \u2013 galinhas e frangos, porcos e vacas \u2013 e mais tarde para animais aqu\u00e1ticos como muitas esp\u00e9cies de peixes).<br \/>\nEste s\u00e9culo est\u00e1 testemunhando o surgimento de novas formas de criar e matar um n\u00famero enorme de invertebrados. Isso est\u00e1 acontecendo por meio da expans\u00e3o da pecu\u00e1ria industrial para a produ\u00e7\u00e3o de insetos para produtos aliment\u00edcios.<\/p>\n<p>&nbsp;<\/p>\n<p><em>Fontes: <\/em><\/p>\n<p><em>https:\/\/www.animal-ethics.org<\/em><\/p>\n<p><em>https:\/\/www.bbc.com<\/em><\/p>\n","protected":false},"excerpt":{"rendered":"<p>&nbsp; Os insetos est\u00e3o entre os grupos mais abundantes de animais terrestres. Devido a isso, qualquer vis\u00e3o preocupada com a considera\u00e7\u00e3o moral dos seres sencientes, especialmente dos que se encontram na natureza, precisa prestar muita aten\u00e7\u00e3o \u00e0 situa\u00e7\u00e3o desses animais. A senci\u00eancia dos insetos \u00e9 objeto de investiga\u00e7\u00e3o cient\u00edfica em andamento, e h\u00e1 algumas evid\u00eancias &hellip; <a href=\"https:\/\/observatorioantiespecista.com\/index.php\/2022\/10\/11\/insetos-sao-sencientes\/\" class=\"more-link\">Continue lendo <span class=\"screen-reader-text\">Insetos s\u00e3o sencientes<\/span><\/a><\/p>\n","protected":false},"author":1,"featured_media":0,"comment_status":"open","ping_status":"open","sticky":false,"template":"","format":"standard","meta":{"footnotes":""},"categories":[21],"tags":[24,28,12,27,29],"class_list":["post-97","post","type-post","status-publish","format-standard","hentry","category-especismo","tag-antiespecismo","tag-direitoanimal","tag-especismo","tag-eticaanimal","tag-sofrimentoanimal"],"_links":{"self":[{"href":"https:\/\/observatorioantiespecista.com\/index.php\/wp-json\/wp\/v2\/posts\/97","targetHints":{"allow":["GET"]}}],"collection":[{"href":"https:\/\/observatorioantiespecista.com\/index.php\/wp-json\/wp\/v2\/posts"}],"about":[{"href":"https:\/\/observatorioantiespecista.com\/index.php\/wp-json\/wp\/v2\/types\/post"}],"author":[{"embeddable":true,"href":"https:\/\/observatorioantiespecista.com\/index.php\/wp-json\/wp\/v2\/users\/1"}],"replies":[{"embeddable":true,"href":"https:\/\/observatorioantiespecista.com\/index.php\/wp-json\/wp\/v2\/comments?post=97"}],"version-history":[{"count":1,"href":"https:\/\/observatorioantiespecista.com\/index.php\/wp-json\/wp\/v2\/posts\/97\/revisions"}],"predecessor-version":[{"id":99,"href":"https:\/\/observatorioantiespecista.com\/index.php\/wp-json\/wp\/v2\/posts\/97\/revisions\/99"}],"wp:attachment":[{"href":"https:\/\/observatorioantiespecista.com\/index.php\/wp-json\/wp\/v2\/media?parent=97"}],"wp:term":[{"taxonomy":"category","embeddable":true,"href":"https:\/\/observatorioantiespecista.com\/index.php\/wp-json\/wp\/v2\/categories?post=97"},{"taxonomy":"post_tag","embeddable":true,"href":"https:\/\/observatorioantiespecista.com\/index.php\/wp-json\/wp\/v2\/tags?post=97"}],"curies":[{"name":"wp","href":"https:\/\/api.w.org\/{rel}","templated":true}]}}